{"id":17302,"date":"2023-09-13T08:15:56","date_gmt":"2023-09-13T07:15:56","guid":{"rendered":"https:\/\/euflightcompensation.com\/do-thunderstorms-delay-flights\/"},"modified":"2024-01-15T02:48:48","modified_gmt":"2024-01-15T02:48:48","slug":"as-tempestades-atrasam-os-voos","status":"publish","type":"post","link":"https:\/\/euflightcompensation.com\/pt-pt\/as-tempestades-atrasam-os-voos\/","title":{"rendered":"As tempestades atrasam os voos?"},"content":{"rendered":"<p style=\"text-align: justify;\">Cada aeronave \u00e9 atingida por um raio uma ou duas vezes por ano, a cada mil horas mais ou menos. \u00c9 por isso que as tempestades s\u00e3o um problema significativo para as companhias a\u00e9reas e, ao mesmo tempo, potencialmente amea\u00e7adoras.<\/p>\n<p style=\"text-align: justify;\">Durante uma tempestade, um avi\u00e3o tem que divergir de seu caminho t\u00edpico impactando os Controladores de Tr\u00e1fego A\u00e9reo, pois eles s\u00f3 podem aceitar um n\u00famero limitado de avi\u00f5es para pousar ou decolar. Portanto, \u00e9 sempre mais seguro manter o avi\u00e3o em solo nessas situa\u00e7\u00f5es.<\/p>\n<p style=\"text-align: justify;\">Vamos falar sobre o impacto de trovoadas e rel\u00e2mpagos nos voos, companhias a\u00e9reas, passageiros e funcion\u00e1rios das companhias a\u00e9reas que trabalham l\u00e1.<\/p>\n<h2 style=\"text-align: justify;\">Como as tempestades afetam os voos?<\/h2>\n<p><img fetchpriority=\"high\" decoding=\"async\" class=\"aligncenter size-full wp-image-16782\" src=\"https:\/\/euflightcompensation.com\/wp-content\/uploads\/2022\/03\/do-thunderstorms-delay-flights.jpg\" alt=\"do thunderstorms delay flights?\" width=\"700\" height=\"467\" srcset=\"https:\/\/euflightcompensation.com\/wp-content\/uploads\/2022\/03\/do-thunderstorms-delay-flights-200x133.jpg 200w, https:\/\/euflightcompensation.com\/wp-content\/uploads\/2022\/03\/do-thunderstorms-delay-flights-300x200.jpg 300w, https:\/\/euflightcompensation.com\/wp-content\/uploads\/2022\/03\/do-thunderstorms-delay-flights-400x267.jpg 400w, https:\/\/euflightcompensation.com\/wp-content\/uploads\/2022\/03\/do-thunderstorms-delay-flights-600x400.jpg 600w, https:\/\/euflightcompensation.com\/wp-content\/uploads\/2022\/03\/do-thunderstorms-delay-flights.jpg 700w\" sizes=\"(max-width: 700px) 100vw, 700px\" \/><\/p>\n<p style=\"text-align: justify;\">Se o seu avi\u00e3o estiver a caminho durante uma tempestade, ele pode mudar de dire\u00e7\u00e3o para evitar turbul\u00eancias significativas e os enormes impactos de rel\u00e2mpagos. No entanto, se o avi\u00e3o ainda estiver no aeroporto durante uma tempestade, o voo pode atrasar.<\/p>\n<p style=\"text-align: justify;\">\u00c0s vezes, seu voo est\u00e1 atrasado ou cancelado, mas o clima do lado de fora da sua localiza\u00e7\u00e3o est\u00e1 perfeito. Isso porque pode haver condi\u00e7\u00f5es clim\u00e1ticas severas ao longo da rota do seu avi\u00e3o ou do seu destino.<\/p>\n<p style=\"text-align: justify;\">De acordo com um meteorologista da Virgin Australia, quando as tempestades produzem raios dentro de 8 quil\u00f4metros de um aeroporto, as opera\u00e7\u00f5es na rampa geralmente s\u00e3o encerradas.<\/p>\n<p style=\"text-align: justify;\">Al\u00e9m disso, suponha que seu voo atrase devido a tempestades. Nesse caso, voc\u00ea n\u00e3o tem direito a reembolso ou qualquer compensa\u00e7\u00e3o, pois esta situa\u00e7\u00e3o ser\u00e1 considerada &#8220;extraordin\u00e1ria&#8221; nos termos do artigo 5.\u00ba III do Regulamento (CE) n\u00ba 261\/2004.<\/p>\n<p style=\"text-align: justify;\">Atrasos e cancelamentos podem ser frustrantes, mas nos bastidores, as companhias a\u00e9reas est\u00e3o apenas tomando precau\u00e7\u00f5es para garantir sua seguran\u00e7a.<\/p>\n<h2 style=\"text-align: justify;\">Conclus\u00e3o<\/h2>\n<p style=\"text-align: justify;\">Os voos podem ser atrasados ou cancelados devido a tempestades. \u00c0s vezes, voc\u00ea pode ser notificado pelas companhias a\u00e9reas de que seu voo foi cancelado ou atrasado devido a condi\u00e7\u00f5es clim\u00e1ticas severas, mas o clima em sua localiza\u00e7\u00e3o \u00e9 perfeito porque pode haver tempestades no caminho ou no seu destino. A companhia a\u00e9rea n\u00e3o o compensar\u00e1 por qualquer atraso ou cancelamento devido ao clima.<\/p>\n<p style=\"text-align: justify;\">Embora um avi\u00e3o sendo atingido por um raio possa parecer assustador, geralmente \u00e9 seguro, pois o exterior do avi\u00e3o \u00e9 feito de alum\u00ednio, que \u00e9 um bom condutor de eletricidade.<\/p>\n<p style=\"text-align: justify;\">Embora voc\u00ea n\u00e3o seja eleg\u00edvel para compensa\u00e7\u00e3o por atrasos de voo causados por circunst\u00e2ncias extraordin\u00e1rias, pode obter compensa\u00e7\u00e3o por atrasos de voo causados por culpa da companhia a\u00e9rea. Nesses casos, voc\u00ea pode entrar em contato com essas empresas de compensa\u00e7\u00e3o por atraso de voo para obter ajuda para obter sua compensa\u00e7\u00e3o leg\u00edtima.<\/p>\n","protected":false},"excerpt":{"rendered":"<p>Cada aeronave \u00e9 atingida por um raio uma ou duas vezes por ano, a cada mil horas mais ou menos. \u00c9 por isso que as tempestades s\u00e3o um problema [&hellip;]<\/p>\n","protected":false},"author":1,"featured_media":48594,"comment_status":"closed","ping_status":"closed","sticky":false,"template":"","format":"standard","meta":{"footnotes":""},"categories":[38,145],"tags":[],"yoast_head":"<title>As tempestades atrasam os voos? - EUFlightCompensation.com<\/title>\n<meta name=\"robots\" content=\"index, follow, max-snippet:-1, max-image-preview:large, max-video-preview:-1\" \/>\n<link rel=\"canonical\" href=\"https:\/\/euflightcompensation.com\/pt-pt\/as-tempestades-atrasam-os-voos\/\" \/>\n<meta property=\"og:locale\" content=\"pt_PT\" \/>\n<meta property=\"og:type\" content=\"article\" \/>\n<meta property=\"og:title\" content=\"As tempestades atrasam os voos? - EUFlightCompensation.com\" \/>\n<meta property=\"og:description\" content=\"Cada aeronave \u00e9 atingida por um raio uma ou duas vezes por ano, a cada mil horas mais ou menos. \u00c9 por isso que as tempestades s\u00e3o um problema [&hellip;]\" \/>\n<meta property=\"og:url\" content=\"https:\/\/euflightcompensation.com\/pt-pt\/as-tempestades-atrasam-os-voos\/\" \/>\n<meta property=\"og:site_name\" content=\"EUFlightCompensation.com\" \/>\n<meta property=\"article:publisher\" content=\"https:\/\/www.facebook.com\/EUflightcompensationcom\" \/>\n<meta property=\"article:author\" content=\"https:\/\/www.facebook.com\/scott.welsch.313\" \/>\n<meta property=\"article:published_time\" content=\"2023-09-13T07:15:56+00:00\" \/>\n<meta property=\"article:modified_time\" content=\"2024-01-15T02:48:48+00:00\" \/>\n<meta property=\"og:image\" content=\"https:\/\/euflightcompensation.com\/wp-content\/uploads\/2023\/09\/As-tempestades-atrasam-os-voos.jpg\" \/>\n\t<meta property=\"og:image:width\" content=\"700\" \/>\n\t<meta property=\"og:image:height\" content=\"467\" \/>\n\t<meta property=\"og:image:type\" content=\"image\/jpeg\" \/>\n<meta name=\"author\" content=\"Scott Welsch\" \/>\n<meta name=\"twitter:card\" content=\"summary_large_image\" \/>\n<meta name=\"twitter:label1\" content=\"Escrito por\" \/>\n\t<meta name=\"twitter:data1\" content=\"Scott Welsch\" \/>\n\t<meta name=\"twitter:label2\" content=\"Tempo estimado de leitura\" \/>\n\t<meta name=\"twitter:data2\" content=\"2 minutos\" \/>\n<script type=\"application\/ld+json\" class=\"yoast-schema-graph\">{\"@context\":\"https:\/\/schema.org\",\"@graph\":[{\"@type\":\"Article\",\"@id\":\"https:\/\/euflightcompensation.com\/pt-pt\/as-tempestades-atrasam-os-voos\/#article\",\"isPartOf\":{\"@id\":\"https:\/\/euflightcompensation.com\/pt-pt\/as-tempestades-atrasam-os-voos\/\"},\"author\":{\"name\":\"Scott Welsch\",\"@id\":\"https:\/\/euflightcompensation.com\/pt-pt\/#\/schema\/person\/4c48001ce578b5ece193709fb3883592\"},\"headline\":\"As tempestades atrasam os voos?\",\"datePublished\":\"2023-09-13T07:15:56+00:00\",\"dateModified\":\"2024-01-15T02:48:48+00:00\",\"mainEntityOfPage\":{\"@id\":\"https:\/\/euflightcompensation.com\/pt-pt\/as-tempestades-atrasam-os-voos\/\"},\"wordCount\":474,\"publisher\":{\"@id\":\"https:\/\/euflightcompensation.com\/pt-pt\/#organization\"},\"image\":{\"@id\":\"https:\/\/euflightcompensation.com\/pt-pt\/as-tempestades-atrasam-os-voos\/#primaryimage\"},\"thumbnailUrl\":\"https:\/\/euflightcompensation.com\/wp-content\/uploads\/2023\/09\/As-tempestades-atrasam-os-voos.jpg\",\"articleSection\":[\"Articles\",\"PT\"],\"inLanguage\":\"pt-PT\"},{\"@type\":\"WebPage\",\"@id\":\"https:\/\/euflightcompensation.com\/pt-pt\/as-tempestades-atrasam-os-voos\/\",\"url\":\"https:\/\/euflightcompensation.com\/pt-pt\/as-tempestades-atrasam-os-voos\/\",\"name\":\"As tempestades atrasam os voos? - EUFlightCompensation.com\",\"isPartOf\":{\"@id\":\"https:\/\/euflightcompensation.com\/pt-pt\/#website\"},\"primaryImageOfPage\":{\"@id\":\"https:\/\/euflightcompensation.com\/pt-pt\/as-tempestades-atrasam-os-voos\/#primaryimage\"},\"image\":{\"@id\":\"https:\/\/euflightcompensation.com\/pt-pt\/as-tempestades-atrasam-os-voos\/#primaryimage\"},\"thumbnailUrl\":\"https:\/\/euflightcompensation.com\/wp-content\/uploads\/2023\/09\/As-tempestades-atrasam-os-voos.jpg\",\"datePublished\":\"2023-09-13T07:15:56+00:00\",\"dateModified\":\"2024-01-15T02:48:48+00:00\",\"breadcrumb\":{\"@id\":\"https:\/\/euflightcompensation.com\/pt-pt\/as-tempestades-atrasam-os-voos\/#breadcrumb\"},\"inLanguage\":\"pt-PT\",\"potentialAction\":[{\"@type\":\"ReadAction\",\"target\":[\"https:\/\/euflightcompensation.com\/pt-pt\/as-tempestades-atrasam-os-voos\/\"]}]},{\"@type\":\"ImageObject\",\"inLanguage\":\"pt-PT\",\"@id\":\"https:\/\/euflightcompensation.com\/pt-pt\/as-tempestades-atrasam-os-voos\/#primaryimage\",\"url\":\"https:\/\/euflightcompensation.com\/wp-content\/uploads\/2023\/09\/As-tempestades-atrasam-os-voos.jpg\",\"contentUrl\":\"https:\/\/euflightcompensation.com\/wp-content\/uploads\/2023\/09\/As-tempestades-atrasam-os-voos.jpg\",\"width\":700,\"height\":467,\"caption\":\"As tempestades atrasam os voos\"},{\"@type\":\"BreadcrumbList\",\"@id\":\"https:\/\/euflightcompensation.com\/pt-pt\/as-tempestades-atrasam-os-voos\/#breadcrumb\",\"itemListElement\":[{\"@type\":\"ListItem\",\"position\":1,\"name\":\"Home\",\"item\":\"https:\/\/euflightcompensation.com\/pt-pt\/\"},{\"@type\":\"ListItem\",\"position\":2,\"name\":\"As tempestades atrasam os voos?\"}]},{\"@type\":\"WebSite\",\"@id\":\"https:\/\/euflightcompensation.com\/pt-pt\/#website\",\"url\":\"https:\/\/euflightcompensation.com\/pt-pt\/\",\"name\":\"EUFlightCompensation.com\",\"description\":\"\",\"publisher\":{\"@id\":\"https:\/\/euflightcompensation.com\/pt-pt\/#organization\"},\"potentialAction\":[{\"@type\":\"SearchAction\",\"target\":{\"@type\":\"EntryPoint\",\"urlTemplate\":\"https:\/\/euflightcompensation.com\/pt-pt\/?s={search_term_string}\"},\"query-input\":\"required name=search_term_string\"}],\"inLanguage\":\"pt-PT\"},{\"@type\":\"Organization\",\"@id\":\"https:\/\/euflightcompensation.com\/pt-pt\/#organization\",\"name\":\"EU Flight Compensation\",\"url\":\"https:\/\/euflightcompensation.com\/pt-pt\/\",\"logo\":{\"@type\":\"ImageObject\",\"inLanguage\":\"pt-PT\",\"@id\":\"https:\/\/euflightcompensation.com\/pt-pt\/#\/schema\/logo\/image\/\",\"url\":\"https:\/\/euflightcompensation.com\/wp-content\/uploads\/2023\/05\/EU-Flight-Compensation-Logo-280x80-1.png\",\"contentUrl\":\"https:\/\/euflightcompensation.com\/wp-content\/uploads\/2023\/05\/EU-Flight-Compensation-Logo-280x80-1.png\",\"width\":280,\"height\":80,\"caption\":\"EU Flight Compensation\"},\"image\":{\"@id\":\"https:\/\/euflightcompensation.com\/pt-pt\/#\/schema\/logo\/image\/\"},\"sameAs\":[\"https:\/\/www.facebook.com\/EUflightcompensationcom\"]},{\"@type\":\"Person\",\"@id\":\"https:\/\/euflightcompensation.com\/pt-pt\/#\/schema\/person\/4c48001ce578b5ece193709fb3883592\",\"name\":\"Scott Welsch\",\"image\":{\"@type\":\"ImageObject\",\"inLanguage\":\"pt-PT\",\"@id\":\"https:\/\/euflightcompensation.com\/pt-pt\/#\/schema\/person\/image\/\",\"url\":\"https:\/\/secure.gravatar.com\/avatar\/efb4f04fb9cf22eb8a34b0aef4a27712?s=96&d=mm&r=g\",\"contentUrl\":\"https:\/\/secure.gravatar.com\/avatar\/efb4f04fb9cf22eb8a34b0aef4a27712?s=96&d=mm&r=g\",\"caption\":\"Scott Welsch\"},\"description\":\"Scott Welsch is a London based attorney. He specializes in travel law and he wants to educate people on their rights as European travelers. Many flight compensation companies try to entice their customers with promises of speedy service, success rates, money they have successfully returned. To the untrained eye and the frazzled traveler sitting on the floor of an airport, these look like the best options. Our primary mission here is to keep the comparison list up to date allowing you to work with the exceptional companies only that live up to their shiny promises.\",\"sameAs\":[\"https:\/\/euflightcompensation.com\/\",\"https:\/\/www.facebook.com\/scott.welsch.313\",\"https:\/\/www.linkedin.com\/in\/scott-welsch-1241231a5\/\",\"https:\/\/www.youtube.com\/channel\/UC7rL-n6rhaT-mTnY1I1BRTA\"],\"url\":\"https:\/\/euflightcompensation.com\/pt-pt\/author\/admin\/\"}]}<\/script>","yoast_head_json":{"title":"As tempestades atrasam os voos? - EUFlightCompensation.com","robots":{"index":"index","follow":"follow","max-snippet":"max-snippet:-1","max-image-preview":"max-image-preview:large","max-video-preview":"max-video-preview:-1"},"canonical":"https:\/\/euflightcompensation.com\/pt-pt\/as-tempestades-atrasam-os-voos\/","og_locale":"pt_PT","og_type":"article","og_title":"As tempestades atrasam os voos? - EUFlightCompensation.com","og_description":"Cada aeronave \u00e9 atingida por um raio uma ou duas vezes por ano, a cada mil horas mais ou menos. \u00c9 por isso que as tempestades s\u00e3o um problema [&hellip;]","og_url":"https:\/\/euflightcompensation.com\/pt-pt\/as-tempestades-atrasam-os-voos\/","og_site_name":"EUFlightCompensation.com","article_publisher":"https:\/\/www.facebook.com\/EUflightcompensationcom","article_author":"https:\/\/www.facebook.com\/scott.welsch.313","article_published_time":"2023-09-13T07:15:56+00:00","article_modified_time":"2024-01-15T02:48:48+00:00","og_image":[{"width":700,"height":467,"url":"https:\/\/euflightcompensation.com\/wp-content\/uploads\/2023\/09\/As-tempestades-atrasam-os-voos.jpg","type":"image\/jpeg"}],"author":"Scott Welsch","twitter_card":"summary_large_image","twitter_misc":{"Escrito por":"Scott Welsch","Tempo estimado de leitura":"2 minutos"},"schema":{"@context":"https:\/\/schema.org","@graph":[{"@type":"Article","@id":"https:\/\/euflightcompensation.com\/pt-pt\/as-tempestades-atrasam-os-voos\/#article","isPartOf":{"@id":"https:\/\/euflightcompensation.com\/pt-pt\/as-tempestades-atrasam-os-voos\/"},"author":{"name":"Scott Welsch","@id":"https:\/\/euflightcompensation.com\/pt-pt\/#\/schema\/person\/4c48001ce578b5ece193709fb3883592"},"headline":"As tempestades atrasam os voos?","datePublished":"2023-09-13T07:15:56+00:00","dateModified":"2024-01-15T02:48:48+00:00","mainEntityOfPage":{"@id":"https:\/\/euflightcompensation.com\/pt-pt\/as-tempestades-atrasam-os-voos\/"},"wordCount":474,"publisher":{"@id":"https:\/\/euflightcompensation.com\/pt-pt\/#organization"},"image":{"@id":"https:\/\/euflightcompensation.com\/pt-pt\/as-tempestades-atrasam-os-voos\/#primaryimage"},"thumbnailUrl":"https:\/\/euflightcompensation.com\/wp-content\/uploads\/2023\/09\/As-tempestades-atrasam-os-voos.jpg","articleSection":["Articles","PT"],"inLanguage":"pt-PT"},{"@type":"WebPage","@id":"https:\/\/euflightcompensation.com\/pt-pt\/as-tempestades-atrasam-os-voos\/","url":"https:\/\/euflightcompensation.com\/pt-pt\/as-tempestades-atrasam-os-voos\/","name":"As tempestades atrasam os voos? - EUFlightCompensation.com","isPartOf":{"@id":"https:\/\/euflightcompensation.com\/pt-pt\/#website"},"primaryImageOfPage":{"@id":"https:\/\/euflightcompensation.com\/pt-pt\/as-tempestades-atrasam-os-voos\/#primaryimage"},"image":{"@id":"https:\/\/euflightcompensation.com\/pt-pt\/as-tempestades-atrasam-os-voos\/#primaryimage"},"thumbnailUrl":"https:\/\/euflightcompensation.com\/wp-content\/uploads\/2023\/09\/As-tempestades-atrasam-os-voos.jpg","datePublished":"2023-09-13T07:15:56+00:00","dateModified":"2024-01-15T02:48:48+00:00","breadcrumb":{"@id":"https:\/\/euflightcompensation.com\/pt-pt\/as-tempestades-atrasam-os-voos\/#breadcrumb"},"inLanguage":"pt-PT","potentialAction":[{"@type":"ReadAction","target":["https:\/\/euflightcompensation.com\/pt-pt\/as-tempestades-atrasam-os-voos\/"]}]},{"@type":"ImageObject","inLanguage":"pt-PT","@id":"https:\/\/euflightcompensation.com\/pt-pt\/as-tempestades-atrasam-os-voos\/#primaryimage","url":"https:\/\/euflightcompensation.com\/wp-content\/uploads\/2023\/09\/As-tempestades-atrasam-os-voos.jpg","contentUrl":"https:\/\/euflightcompensation.com\/wp-content\/uploads\/2023\/09\/As-tempestades-atrasam-os-voos.jpg","width":700,"height":467,"caption":"As tempestades atrasam os voos"},{"@type":"BreadcrumbList","@id":"https:\/\/euflightcompensation.com\/pt-pt\/as-tempestades-atrasam-os-voos\/#breadcrumb","itemListElement":[{"@type":"ListItem","position":1,"name":"Home","item":"https:\/\/euflightcompensation.com\/pt-pt\/"},{"@type":"ListItem","position":2,"name":"As tempestades atrasam os voos?"}]},{"@type":"WebSite","@id":"https:\/\/euflightcompensation.com\/pt-pt\/#website","url":"https:\/\/euflightcompensation.com\/pt-pt\/","name":"EUFlightCompensation.com","description":"","publisher":{"@id":"https:\/\/euflightcompensation.com\/pt-pt\/#organization"},"potentialAction":[{"@type":"SearchAction","target":{"@type":"EntryPoint","urlTemplate":"https:\/\/euflightcompensation.com\/pt-pt\/?s={search_term_string}"},"query-input":"required name=search_term_string"}],"inLanguage":"pt-PT"},{"@type":"Organization","@id":"https:\/\/euflightcompensation.com\/pt-pt\/#organization","name":"EU Flight Compensation","url":"https:\/\/euflightcompensation.com\/pt-pt\/","logo":{"@type":"ImageObject","inLanguage":"pt-PT","@id":"https:\/\/euflightcompensation.com\/pt-pt\/#\/schema\/logo\/image\/","url":"https:\/\/euflightcompensation.com\/wp-content\/uploads\/2023\/05\/EU-Flight-Compensation-Logo-280x80-1.png","contentUrl":"https:\/\/euflightcompensation.com\/wp-content\/uploads\/2023\/05\/EU-Flight-Compensation-Logo-280x80-1.png","width":280,"height":80,"caption":"EU Flight Compensation"},"image":{"@id":"https:\/\/euflightcompensation.com\/pt-pt\/#\/schema\/logo\/image\/"},"sameAs":["https:\/\/www.facebook.com\/EUflightcompensationcom"]},{"@type":"Person","@id":"https:\/\/euflightcompensation.com\/pt-pt\/#\/schema\/person\/4c48001ce578b5ece193709fb3883592","name":"Scott Welsch","image":{"@type":"ImageObject","inLanguage":"pt-PT","@id":"https:\/\/euflightcompensation.com\/pt-pt\/#\/schema\/person\/image\/","url":"https:\/\/secure.gravatar.com\/avatar\/efb4f04fb9cf22eb8a34b0aef4a27712?s=96&d=mm&r=g","contentUrl":"https:\/\/secure.gravatar.com\/avatar\/efb4f04fb9cf22eb8a34b0aef4a27712?s=96&d=mm&r=g","caption":"Scott Welsch"},"description":"Scott Welsch is a London based attorney. He specializes in travel law and he wants to educate people on their rights as European travelers. Many flight compensation companies try to entice their customers with promises of speedy service, success rates, money they have successfully returned. To the untrained eye and the frazzled traveler sitting on the floor of an airport, these look like the best options. Our primary mission here is to keep the comparison list up to date allowing you to work with the exceptional companies only that live up to their shiny promises.","sameAs":["https:\/\/euflightcompensation.com\/","https:\/\/www.facebook.com\/scott.welsch.313","https:\/\/www.linkedin.com\/in\/scott-welsch-1241231a5\/","https:\/\/www.youtube.com\/channel\/UC7rL-n6rhaT-mTnY1I1BRTA"],"url":"https:\/\/euflightcompensation.com\/pt-pt\/author\/admin\/"}]}},"_links":{"self":[{"href":"https:\/\/euflightcompensation.com\/pt-pt\/wp-json\/wp\/v2\/posts\/17302"}],"collection":[{"href":"https:\/\/euflightcompensation.com\/pt-pt\/wp-json\/wp\/v2\/posts"}],"about":[{"href":"https:\/\/euflightcompensation.com\/pt-pt\/wp-json\/wp\/v2\/types\/post"}],"author":[{"embeddable":true,"href":"https:\/\/euflightcompensation.com\/pt-pt\/wp-json\/wp\/v2\/users\/1"}],"replies":[{"embeddable":true,"href":"https:\/\/euflightcompensation.com\/pt-pt\/wp-json\/wp\/v2\/comments?post=17302"}],"version-history":[{"count":0,"href":"https:\/\/euflightcompensation.com\/pt-pt\/wp-json\/wp\/v2\/posts\/17302\/revisions"}],"wp:featuredmedia":[{"embeddable":true,"href":"https:\/\/euflightcompensation.com\/pt-pt\/wp-json\/wp\/v2\/media\/48594"}],"wp:attachment":[{"href":"https:\/\/euflightcompensation.com\/pt-pt\/wp-json\/wp\/v2\/media?parent=17302"}],"wp:term":[{"taxonomy":"category","embeddable":true,"href":"https:\/\/euflightcompensation.com\/pt-pt\/wp-json\/wp\/v2\/categories?post=17302"},{"taxonomy":"post_tag","embeddable":true,"href":"https:\/\/euflightcompensation.com\/pt-pt\/wp-json\/wp\/v2\/tags?post=17302"}],"curies":[{"name":"wp","href":"https:\/\/api.w.org\/{rel}","templated":true}]}}