{"id":26825,"date":"2023-11-13T08:27:38","date_gmt":"2023-11-13T08:27:38","guid":{"rendered":"https:\/\/euflightcompensation.com\/do-international-flights-get-delayed\/"},"modified":"2024-01-15T01:11:23","modified_gmt":"2024-01-15T01:11:23","slug":"maji-mezinarodni-lety-zpozdeni","status":"publish","type":"post","link":"https:\/\/euflightcompensation.com\/cs\/maji-mezinarodni-lety-zpozdeni\/","title":{"rendered":"Maj\u00ed mezin\u00e1rodn\u00ed lety zpo\u017ed\u011bn\u00ed?"},"content":{"rendered":"<p style=\"text-align: justify;\">Nen\u00ed nic nep\u0159\u00edjemn\u011bj\u0161\u00edho ne\u017e zpo\u017ed\u011bn\u00fd let, kdy\u017e se chyst\u00e1te na dovolenou nebo se vrac\u00edte dom\u016f. Kv\u016fli nov\u00e9 mo\u017enosti COVID-19, nedostatku person\u00e1lu, \u0161patn\u00e9mu po\u010das\u00ed a r\u016fzn\u00fdm dal\u0161\u00edm d\u016fvod\u016fm mus\u00ed leteck\u00e9 spole\u010dnosti lety odkl\u00e1dat.<\/p>\n<p style=\"text-align: justify;\">A nejde jen o vnitrost\u00e1tn\u00ed lety, zpo\u017ed\u011bn\u00e9 jsou i lety mezin\u00e1rodn\u00ed.<\/p>\n<p style=\"text-align: justify;\">Pokud je mezin\u00e1rodn\u00ed let zpo\u017ed\u011bn o v\u00edce ne\u017e 3 hodiny a za probl\u00e9my je odpov\u011bdn\u00e1 leteck\u00e1 spole\u010dnost, cestuj\u00edc\u00ed dostanou od\u0161kodn\u011bn\u00ed podle na\u0159\u00edzen\u00ed EU \u010d. 261 z roku 2004.<\/p>\n<p style=\"text-align: justify;\">V\u00edme, \u017ee mezin\u00e1rodn\u00ed lety b\u00fdvaj\u00ed taky zpo\u017ed\u011bn\u00e9, ale jak bychom m\u011bli tuto situaci \u0159e\u0161it? Poj\u010fme to zjistit.<\/p>\n<h2>Pro\u010d maj\u00ed mezin\u00e1rodn\u00ed lety zpo\u017ed\u011bn\u00ed?<\/h2>\n<p style=\"text-align: justify;\">Zpo\u017ed\u011bn\u00ed mezin\u00e1rodn\u00edch let\u016f m\u00e1 r\u016fzn\u00e9 p\u0159\u00ed\u010diny. N\u011bkter\u00fdm mohou zabr\u00e1nit leteck\u00e9 spole\u010dnosti, jin\u00fdm jen B\u016fh.<\/p>\n<p style=\"text-align: justify;\">Jedn\u00edm z nej\u010dast\u011bj\u0161\u00edch d\u016fvod\u016f je p\u0159epln\u011bnost letadel. S postupem \u010dasu se zvy\u0161uje po\u010det cestuj\u00edc\u00edch, kte\u0159\u00ed cestuj\u00ed letecky. P\u0159i sou\u010dasn\u00e9m letu mnoha letadel po stejn\u00e9 trase je zpo\u017ed\u011bn\u00ed taky nevyhnuteln\u00e9.<\/p>\n<h3>Nep\u0159\u00edzniv\u00e9 pov\u011btrnostn\u00ed podm\u00ednky<\/h3>\n<p style=\"text-align: justify;\">Dal\u0161\u00edm \u010dast\u00fdm d\u016fvodem zpo\u017ed\u011bn\u00ed mezin\u00e1rodn\u00edch let\u016f jsou nep\u0159\u00edzniv\u00e9 pov\u011btrnostn\u00ed podm\u00ednky. Extr\u00e9mn\u00ed pov\u011btrnostn\u00ed podm\u00ednky, nap\u0159. bou\u0159ky, mohou donutit letadla ke zm\u011bn\u011b trasy. Letadla, kter\u00e1 maj\u00ed teprve vzl\u00e9tnout, v\u0161ak v z\u00e1jmu zaji\u0161t\u011bn\u00ed bezpe\u010dnosti cestuj\u00edc\u00edch nelet\u00ed. Takov\u00e9to nep\u0159\u00edzniv\u00e9 pov\u011btrnostn\u00ed podm\u00ednky jsou pova\u017eov\u00e1ny za mimo\u0159\u00e1dn\u00e9 a leteck\u00e9 spole\u010dnosti je nemohou ovlivnit.<\/p>\n<h3>St\u0159ety s pt\u00e1ky<\/h3>\n<p style=\"text-align: justify;\">N\u011bkdy m\u016f\u017ee doj\u00edt ke zpo\u017ed\u011bn\u00ed let\u016f tak\u00e9 kv\u016fli n\u00e1raz\u016fm pt\u00e1k\u016f. Kdy\u017e hejno pt\u00e1k\u016f naraz\u00ed do letadla, zp\u016fsob\u00ed jen velmi mal\u00e9 \u0161kody. P\u0159esto je to pova\u017eov\u00e1no za bezpe\u010dnostn\u00ed probl\u00e9m. N\u00e1raz pt\u00e1ka je rovn\u011b\u017e pova\u017eov\u00e1n za mimo\u0159\u00e1dnou situaci a leteck\u00e1 spole\u010dnost nemus\u00ed cestuj\u00edc\u00ed od\u0161kodnit.<\/p>\n<p style=\"text-align: justify;\">Mezi stavy, za kter\u00e9 jsou leteck\u00e9 spole\u010dnosti odpov\u011bdn\u00e9, pat\u0159\u00ed mechanick\u00e9 probl\u00e9my, pozdn\u00ed p\u0159\u00edlet pos\u00e1dky, st\u00e1vka person\u00e1lu atd.<\/p>\n<h2>Co d\u011blat, kdy\u017e m\u00e1 v\u00e1\u0161 mezin\u00e1rodn\u00ed let zpo\u017ed\u011bn\u00ed?<\/h2>\n<p><img fetchpriority=\"high\" decoding=\"async\" class=\"aligncenter size-full wp-image-25363\" src=\"https:\/\/euflightcompensation.com\/wp-content\/uploads\/2022\/03\/do-international-flights-get-delayed.jpg\" alt=\"do international flights get delayed?\" width=\"700\" height=\"467\" srcset=\"https:\/\/euflightcompensation.com\/wp-content\/uploads\/2022\/03\/do-international-flights-get-delayed-200x133.jpg 200w, https:\/\/euflightcompensation.com\/wp-content\/uploads\/2022\/03\/do-international-flights-get-delayed-300x200.jpg 300w, https:\/\/euflightcompensation.com\/wp-content\/uploads\/2022\/03\/do-international-flights-get-delayed-400x267.jpg 400w, https:\/\/euflightcompensation.com\/wp-content\/uploads\/2022\/03\/do-international-flights-get-delayed-600x400.jpg 600w, https:\/\/euflightcompensation.com\/wp-content\/uploads\/2022\/03\/do-international-flights-get-delayed.jpg 700w\" sizes=\"(max-width: 700px) 100vw, 700px\" \/><\/p>\n<p style=\"text-align: justify;\">U\u0161et\u0159ete si cestu na leti\u0161t\u011b, pokud m\u00e1 v\u00e1\u0161 let zpo\u017ed\u011bn\u00ed.<\/p>\n<p style=\"text-align: justify;\">P\u0159ed odletem si zkontrolujte stav sv\u00e9 letenky zad\u00e1n\u00edm \u010d\u00edsla letu a leteck\u00e9 spole\u010dnosti do vyhled\u00e1vac\u00edho \u0159\u00e1dku Google.<\/p>\n<p style=\"text-align: justify;\">Co ale d\u011blat, kdy\u017e se v\u00e1\u0161 mezin\u00e1rodn\u00ed let zpozd\u00ed a\u017e po p\u0159\u00edjezdu na leti\u0161t\u011b?<\/p>\n<p style=\"text-align: justify;\">Pokud dojde ke zpo\u017ed\u011bn\u00ed letu, m\u016f\u017eete se zeptat z\u00e1stupc\u016f leteck\u00e9 spole\u010dnosti, zda nab\u00edzej\u00ed ob\u010derstven\u00ed a ubytov\u00e1n\u00ed po dobu zpo\u017ed\u011bn\u00ed. Pokud je v\u0161ak zpo\u017ed\u011bn\u00ed del\u0161\u00ed ne\u017e 5 hodin, m\u016f\u017eete po\u017e\u00e1dat leteckou spole\u010dnost, aby v\u00e1s v p\u0159\u00edpad\u011b z\u00e1jmu p\u0159epravila jin\u00fdm letem.<\/p>\n<p style=\"text-align: justify;\">Podle pravidla EU261 m\u00e1te v p\u0159\u00edpad\u011b zpo\u017ed\u011bn\u00ed letu, kdy do c\u00edlov\u00e9 destinace doraz\u00edte se zpo\u017ed\u011bn\u00edm t\u0159\u00ed a v\u00edce hodin, n\u00e1rok na od\u0161kodn\u011bn\u00ed a\u017e do v\u00fd\u0161e 600\u20ac. Skute\u010dn\u00e1 \u010d\u00e1stka se ur\u010duje podle vzd\u00e1lenosti letu, nikoli podle \u010d\u00e1stky, kterou jste zaplatili za letenku.<\/p>\n<h2>Z\u00e1v\u011br<\/h2>\n<p style=\"text-align: justify;\">Zpo\u017ed\u011bn\u00ed mezin\u00e1rodn\u00edch let\u016f je b\u011b\u017en\u00e9. Mohou b\u00fdt zpo\u017ed\u011bny kv\u016fli extr\u00e9mn\u00edm pov\u011btrnostn\u00edm podm\u00ednk\u00e1m, mechanick\u00fdm probl\u00e9m\u016fm, probl\u00e9m\u016fm s person\u00e1lem (pozdn\u00ed p\u0159\u00edlet pos\u00e1dky nebo st\u00e1vka person\u00e1lu), n\u00e1raz\u016fm pt\u00e1k\u016f atd.<\/p>\n<p style=\"text-align: justify;\">Pokud se v t\u00e9to situaci rozhodnete pokra\u010dovat v cest\u011b, vyhledejte si v p\u0159\u00edpad\u011b dlouh\u00e9ho zpo\u017ed\u011bn\u00ed hotelov\u00e9 apartm\u00e1, kde byste mohli z\u016fstat. N\u011bkter\u00e9 leteck\u00e9 spole\u010dnosti to mohou ud\u011blat i za v\u00e1s, pokud d\u016fvodem zpo\u017ed\u011bn\u00ed nen\u00ed mimo\u0159\u00e1dn\u00e1 situace. M\u016f\u017eete si tak\u00e9 promluvit se z\u00e1stupcem leteck\u00e9 spole\u010dnosti na leti\u0161ti a probrat sv\u00e9 mo\u017enosti.<\/p>\n<p style=\"text-align: justify;\">Pokud se kv\u016fli velk\u00e9mu zpo\u017ed\u011bn\u00ed rozhodnete pro jin\u00fd let, m\u016f\u017eete tak u\u010dinit. Jin\u00fd let si v\u0161ak m\u016f\u017eete vybrat pouze v p\u0159\u00edpad\u011b, \u017ee zpo\u017ed\u011bn\u00ed p\u0159es\u00e1hlo 5 hodin.<\/p>\n<p style=\"text-align: justify;\">Pokud m\u00e1te st\u00e1le ot\u00e1zky t\u00fdkaj\u00edc\u00ed se zpo\u017ed\u011bn\u00ed mezin\u00e1rodn\u00edch let\u016f, pod\u00edvejte se na tuto str\u00e1nku, kde najdete spole\u010dnosti, kter\u00e9 v\u00e1m mohou pomoci.<\/p>\n","protected":false},"excerpt":{"rendered":"<p>Nen\u00ed nic nep\u0159\u00edjemn\u011bj\u0161\u00edho ne\u017e zpo\u017ed\u011bn\u00fd let, kdy\u017e se chyst\u00e1te na dovolenou nebo se vrac\u00edte dom\u016f. Kv\u016fli nov\u00e9 mo\u017enosti COVID-19, nedostatku person\u00e1lu, \u0161patn\u00e9mu po\u010das\u00ed a r\u016fzn\u00fdm dal\u0161\u00edm d\u016fvod\u016fm mus\u00ed leteck\u00e9 [&hellip;]<\/p>\n","protected":false},"author":1,"featured_media":47754,"comment_status":"closed","ping_status":"closed","sticky":false,"template":"","format":"standard","meta":{"footnotes":""},"categories":[136,149],"tags":[],"yoast_head":"<title>Maj\u00ed mezin\u00e1rodn\u00ed lety zpo\u017ed\u011bn\u00ed? - EFC<\/title>\n<meta name=\"robots\" content=\"index, follow, max-snippet:-1, max-image-preview:large, max-video-preview:-1\" \/>\n<link rel=\"canonical\" href=\"https:\/\/euflightcompensation.com\/cs\/maji-mezinarodni-lety-zpozdeni\/\" \/>\n<meta property=\"og:locale\" content=\"cs_CZ\" \/>\n<meta property=\"og:type\" content=\"article\" \/>\n<meta property=\"og:title\" content=\"Maj\u00ed mezin\u00e1rodn\u00ed lety zpo\u017ed\u011bn\u00ed? - EFC\" \/>\n<meta property=\"og:description\" content=\"Nen\u00ed nic nep\u0159\u00edjemn\u011bj\u0161\u00edho ne\u017e zpo\u017ed\u011bn\u00fd let, kdy\u017e se chyst\u00e1te na dovolenou nebo se vrac\u00edte dom\u016f. Kv\u016fli nov\u00e9 mo\u017enosti COVID-19, nedostatku person\u00e1lu, \u0161patn\u00e9mu po\u010das\u00ed a r\u016fzn\u00fdm dal\u0161\u00edm d\u016fvod\u016fm mus\u00ed leteck\u00e9 [&hellip;]\" \/>\n<meta property=\"og:url\" content=\"https:\/\/euflightcompensation.com\/cs\/maji-mezinarodni-lety-zpozdeni\/\" \/>\n<meta property=\"og:site_name\" content=\"EUFlightCompensation.com\" \/>\n<meta property=\"article:publisher\" content=\"https:\/\/www.facebook.com\/EUflightcompensationcom\" \/>\n<meta property=\"article:author\" content=\"https:\/\/www.facebook.com\/scott.welsch.313\" \/>\n<meta property=\"article:published_time\" content=\"2023-11-13T08:27:38+00:00\" \/>\n<meta property=\"article:modified_time\" content=\"2024-01-15T01:11:23+00:00\" \/>\n<meta property=\"og:image\" content=\"https:\/\/euflightcompensation.com\/wp-content\/uploads\/2023\/11\/Maji-mezinarodni-lety-zpozdeni.jpg\" \/>\n\t<meta property=\"og:image:width\" content=\"700\" \/>\n\t<meta property=\"og:image:height\" content=\"467\" \/>\n\t<meta property=\"og:image:type\" content=\"image\/jpeg\" \/>\n<meta name=\"author\" content=\"Scott Welsch\" \/>\n<meta name=\"twitter:card\" content=\"summary_large_image\" \/>\n<meta name=\"twitter:label1\" content=\"Napsal(a)\" \/>\n\t<meta name=\"twitter:data1\" content=\"Scott Welsch\" \/>\n\t<meta name=\"twitter:label2\" content=\"Odhadovan\u00e1 doba \u010dten\u00ed\" \/>\n\t<meta name=\"twitter:data2\" content=\"3 minuty\" \/>\n<script type=\"application\/ld+json\" class=\"yoast-schema-graph\">{\"@context\":\"https:\/\/schema.org\",\"@graph\":[{\"@type\":\"Article\",\"@id\":\"https:\/\/euflightcompensation.com\/cs\/maji-mezinarodni-lety-zpozdeni\/#article\",\"isPartOf\":{\"@id\":\"https:\/\/euflightcompensation.com\/cs\/maji-mezinarodni-lety-zpozdeni\/\"},\"author\":{\"name\":\"Scott Welsch\",\"@id\":\"https:\/\/euflightcompensation.com\/cs\/#\/schema\/person\/4c48001ce578b5ece193709fb3883592\"},\"headline\":\"Maj\u00ed mezin\u00e1rodn\u00ed lety zpo\u017ed\u011bn\u00ed?\",\"datePublished\":\"2023-11-13T08:27:38+00:00\",\"dateModified\":\"2024-01-15T01:11:23+00:00\",\"mainEntityOfPage\":{\"@id\":\"https:\/\/euflightcompensation.com\/cs\/maji-mezinarodni-lety-zpozdeni\/\"},\"wordCount\":774,\"publisher\":{\"@id\":\"https:\/\/euflightcompensation.com\/cs\/#organization\"},\"image\":{\"@id\":\"https:\/\/euflightcompensation.com\/cs\/maji-mezinarodni-lety-zpozdeni\/#primaryimage\"},\"thumbnailUrl\":\"https:\/\/euflightcompensation.com\/wp-content\/uploads\/2023\/11\/Maji-mezinarodni-lety-zpozdeni.jpg\",\"articleSection\":[\"\u010cl\u00e1nky\",\"CS\"],\"inLanguage\":\"cs\"},{\"@type\":\"WebPage\",\"@id\":\"https:\/\/euflightcompensation.com\/cs\/maji-mezinarodni-lety-zpozdeni\/\",\"url\":\"https:\/\/euflightcompensation.com\/cs\/maji-mezinarodni-lety-zpozdeni\/\",\"name\":\"Maj\u00ed mezin\u00e1rodn\u00ed lety zpo\u017ed\u011bn\u00ed? - EFC\",\"isPartOf\":{\"@id\":\"https:\/\/euflightcompensation.com\/cs\/#website\"},\"primaryImageOfPage\":{\"@id\":\"https:\/\/euflightcompensation.com\/cs\/maji-mezinarodni-lety-zpozdeni\/#primaryimage\"},\"image\":{\"@id\":\"https:\/\/euflightcompensation.com\/cs\/maji-mezinarodni-lety-zpozdeni\/#primaryimage\"},\"thumbnailUrl\":\"https:\/\/euflightcompensation.com\/wp-content\/uploads\/2023\/11\/Maji-mezinarodni-lety-zpozdeni.jpg\",\"datePublished\":\"2023-11-13T08:27:38+00:00\",\"dateModified\":\"2024-01-15T01:11:23+00:00\",\"breadcrumb\":{\"@id\":\"https:\/\/euflightcompensation.com\/cs\/maji-mezinarodni-lety-zpozdeni\/#breadcrumb\"},\"inLanguage\":\"cs\",\"potentialAction\":[{\"@type\":\"ReadAction\",\"target\":[\"https:\/\/euflightcompensation.com\/cs\/maji-mezinarodni-lety-zpozdeni\/\"]}]},{\"@type\":\"ImageObject\",\"inLanguage\":\"cs\",\"@id\":\"https:\/\/euflightcompensation.com\/cs\/maji-mezinarodni-lety-zpozdeni\/#primaryimage\",\"url\":\"https:\/\/euflightcompensation.com\/wp-content\/uploads\/2023\/11\/Maji-mezinarodni-lety-zpozdeni.jpg\",\"contentUrl\":\"https:\/\/euflightcompensation.com\/wp-content\/uploads\/2023\/11\/Maji-mezinarodni-lety-zpozdeni.jpg\",\"width\":700,\"height\":467,\"caption\":\"Maj\u00ed mezin\u00e1rodn\u00ed lety zpo\u017ed\u011bn\u00ed\"},{\"@type\":\"BreadcrumbList\",\"@id\":\"https:\/\/euflightcompensation.com\/cs\/maji-mezinarodni-lety-zpozdeni\/#breadcrumb\",\"itemListElement\":[{\"@type\":\"ListItem\",\"position\":1,\"name\":\"Home\",\"item\":\"https:\/\/euflightcompensation.com\/cs\/\"},{\"@type\":\"ListItem\",\"position\":2,\"name\":\"Maj\u00ed mezin\u00e1rodn\u00ed lety zpo\u017ed\u011bn\u00ed?\"}]},{\"@type\":\"WebSite\",\"@id\":\"https:\/\/euflightcompensation.com\/cs\/#website\",\"url\":\"https:\/\/euflightcompensation.com\/cs\/\",\"name\":\"EUFlightCompensation.com\",\"description\":\"\",\"publisher\":{\"@id\":\"https:\/\/euflightcompensation.com\/cs\/#organization\"},\"potentialAction\":[{\"@type\":\"SearchAction\",\"target\":{\"@type\":\"EntryPoint\",\"urlTemplate\":\"https:\/\/euflightcompensation.com\/cs\/?s={search_term_string}\"},\"query-input\":\"required name=search_term_string\"}],\"inLanguage\":\"cs\"},{\"@type\":\"Organization\",\"@id\":\"https:\/\/euflightcompensation.com\/cs\/#organization\",\"name\":\"EU Flight Compensation\",\"url\":\"https:\/\/euflightcompensation.com\/cs\/\",\"logo\":{\"@type\":\"ImageObject\",\"inLanguage\":\"cs\",\"@id\":\"https:\/\/euflightcompensation.com\/cs\/#\/schema\/logo\/image\/\",\"url\":\"https:\/\/euflightcompensation.com\/wp-content\/uploads\/2023\/05\/EU-Flight-Compensation-Logo-280x80-1.png\",\"contentUrl\":\"https:\/\/euflightcompensation.com\/wp-content\/uploads\/2023\/05\/EU-Flight-Compensation-Logo-280x80-1.png\",\"width\":280,\"height\":80,\"caption\":\"EU Flight Compensation\"},\"image\":{\"@id\":\"https:\/\/euflightcompensation.com\/cs\/#\/schema\/logo\/image\/\"},\"sameAs\":[\"https:\/\/www.facebook.com\/EUflightcompensationcom\"]},{\"@type\":\"Person\",\"@id\":\"https:\/\/euflightcompensation.com\/cs\/#\/schema\/person\/4c48001ce578b5ece193709fb3883592\",\"name\":\"Scott Welsch\",\"image\":{\"@type\":\"ImageObject\",\"inLanguage\":\"cs\",\"@id\":\"https:\/\/euflightcompensation.com\/cs\/#\/schema\/person\/image\/\",\"url\":\"https:\/\/secure.gravatar.com\/avatar\/efb4f04fb9cf22eb8a34b0aef4a27712?s=96&d=mm&r=g\",\"contentUrl\":\"https:\/\/secure.gravatar.com\/avatar\/efb4f04fb9cf22eb8a34b0aef4a27712?s=96&d=mm&r=g\",\"caption\":\"Scott Welsch\"},\"description\":\"Scott Welsch is a London based attorney. He specializes in travel law and he wants to educate people on their rights as European travelers. Many flight compensation companies try to entice their customers with promises of speedy service, success rates, money they have successfully returned. To the untrained eye and the frazzled traveler sitting on the floor of an airport, these look like the best options. Our primary mission here is to keep the comparison list up to date allowing you to work with the exceptional companies only that live up to their shiny promises.\",\"sameAs\":[\"https:\/\/euflightcompensation.com\/\",\"https:\/\/www.facebook.com\/scott.welsch.313\",\"https:\/\/www.linkedin.com\/in\/scott-welsch-1241231a5\/\",\"https:\/\/www.youtube.com\/channel\/UC7rL-n6rhaT-mTnY1I1BRTA\"],\"url\":\"https:\/\/euflightcompensation.com\/cs\/author\/admin\/\"}]}<\/script>","yoast_head_json":{"title":"Maj\u00ed mezin\u00e1rodn\u00ed lety zpo\u017ed\u011bn\u00ed? - EFC","robots":{"index":"index","follow":"follow","max-snippet":"max-snippet:-1","max-image-preview":"max-image-preview:large","max-video-preview":"max-video-preview:-1"},"canonical":"https:\/\/euflightcompensation.com\/cs\/maji-mezinarodni-lety-zpozdeni\/","og_locale":"cs_CZ","og_type":"article","og_title":"Maj\u00ed mezin\u00e1rodn\u00ed lety zpo\u017ed\u011bn\u00ed? - EFC","og_description":"Nen\u00ed nic nep\u0159\u00edjemn\u011bj\u0161\u00edho ne\u017e zpo\u017ed\u011bn\u00fd let, kdy\u017e se chyst\u00e1te na dovolenou nebo se vrac\u00edte dom\u016f. Kv\u016fli nov\u00e9 mo\u017enosti COVID-19, nedostatku person\u00e1lu, \u0161patn\u00e9mu po\u010das\u00ed a r\u016fzn\u00fdm dal\u0161\u00edm d\u016fvod\u016fm mus\u00ed leteck\u00e9 [&hellip;]","og_url":"https:\/\/euflightcompensation.com\/cs\/maji-mezinarodni-lety-zpozdeni\/","og_site_name":"EUFlightCompensation.com","article_publisher":"https:\/\/www.facebook.com\/EUflightcompensationcom","article_author":"https:\/\/www.facebook.com\/scott.welsch.313","article_published_time":"2023-11-13T08:27:38+00:00","article_modified_time":"2024-01-15T01:11:23+00:00","og_image":[{"width":700,"height":467,"url":"https:\/\/euflightcompensation.com\/wp-content\/uploads\/2023\/11\/Maji-mezinarodni-lety-zpozdeni.jpg","type":"image\/jpeg"}],"author":"Scott Welsch","twitter_card":"summary_large_image","twitter_misc":{"Napsal(a)":"Scott Welsch","Odhadovan\u00e1 doba \u010dten\u00ed":"3 minuty"},"schema":{"@context":"https:\/\/schema.org","@graph":[{"@type":"Article","@id":"https:\/\/euflightcompensation.com\/cs\/maji-mezinarodni-lety-zpozdeni\/#article","isPartOf":{"@id":"https:\/\/euflightcompensation.com\/cs\/maji-mezinarodni-lety-zpozdeni\/"},"author":{"name":"Scott Welsch","@id":"https:\/\/euflightcompensation.com\/cs\/#\/schema\/person\/4c48001ce578b5ece193709fb3883592"},"headline":"Maj\u00ed mezin\u00e1rodn\u00ed lety zpo\u017ed\u011bn\u00ed?","datePublished":"2023-11-13T08:27:38+00:00","dateModified":"2024-01-15T01:11:23+00:00","mainEntityOfPage":{"@id":"https:\/\/euflightcompensation.com\/cs\/maji-mezinarodni-lety-zpozdeni\/"},"wordCount":774,"publisher":{"@id":"https:\/\/euflightcompensation.com\/cs\/#organization"},"image":{"@id":"https:\/\/euflightcompensation.com\/cs\/maji-mezinarodni-lety-zpozdeni\/#primaryimage"},"thumbnailUrl":"https:\/\/euflightcompensation.com\/wp-content\/uploads\/2023\/11\/Maji-mezinarodni-lety-zpozdeni.jpg","articleSection":["\u010cl\u00e1nky","CS"],"inLanguage":"cs"},{"@type":"WebPage","@id":"https:\/\/euflightcompensation.com\/cs\/maji-mezinarodni-lety-zpozdeni\/","url":"https:\/\/euflightcompensation.com\/cs\/maji-mezinarodni-lety-zpozdeni\/","name":"Maj\u00ed mezin\u00e1rodn\u00ed lety zpo\u017ed\u011bn\u00ed? - EFC","isPartOf":{"@id":"https:\/\/euflightcompensation.com\/cs\/#website"},"primaryImageOfPage":{"@id":"https:\/\/euflightcompensation.com\/cs\/maji-mezinarodni-lety-zpozdeni\/#primaryimage"},"image":{"@id":"https:\/\/euflightcompensation.com\/cs\/maji-mezinarodni-lety-zpozdeni\/#primaryimage"},"thumbnailUrl":"https:\/\/euflightcompensation.com\/wp-content\/uploads\/2023\/11\/Maji-mezinarodni-lety-zpozdeni.jpg","datePublished":"2023-11-13T08:27:38+00:00","dateModified":"2024-01-15T01:11:23+00:00","breadcrumb":{"@id":"https:\/\/euflightcompensation.com\/cs\/maji-mezinarodni-lety-zpozdeni\/#breadcrumb"},"inLanguage":"cs","potentialAction":[{"@type":"ReadAction","target":["https:\/\/euflightcompensation.com\/cs\/maji-mezinarodni-lety-zpozdeni\/"]}]},{"@type":"ImageObject","inLanguage":"cs","@id":"https:\/\/euflightcompensation.com\/cs\/maji-mezinarodni-lety-zpozdeni\/#primaryimage","url":"https:\/\/euflightcompensation.com\/wp-content\/uploads\/2023\/11\/Maji-mezinarodni-lety-zpozdeni.jpg","contentUrl":"https:\/\/euflightcompensation.com\/wp-content\/uploads\/2023\/11\/Maji-mezinarodni-lety-zpozdeni.jpg","width":700,"height":467,"caption":"Maj\u00ed mezin\u00e1rodn\u00ed lety zpo\u017ed\u011bn\u00ed"},{"@type":"BreadcrumbList","@id":"https:\/\/euflightcompensation.com\/cs\/maji-mezinarodni-lety-zpozdeni\/#breadcrumb","itemListElement":[{"@type":"ListItem","position":1,"name":"Home","item":"https:\/\/euflightcompensation.com\/cs\/"},{"@type":"ListItem","position":2,"name":"Maj\u00ed mezin\u00e1rodn\u00ed lety zpo\u017ed\u011bn\u00ed?"}]},{"@type":"WebSite","@id":"https:\/\/euflightcompensation.com\/cs\/#website","url":"https:\/\/euflightcompensation.com\/cs\/","name":"EUFlightCompensation.com","description":"","publisher":{"@id":"https:\/\/euflightcompensation.com\/cs\/#organization"},"potentialAction":[{"@type":"SearchAction","target":{"@type":"EntryPoint","urlTemplate":"https:\/\/euflightcompensation.com\/cs\/?s={search_term_string}"},"query-input":"required name=search_term_string"}],"inLanguage":"cs"},{"@type":"Organization","@id":"https:\/\/euflightcompensation.com\/cs\/#organization","name":"EU Flight Compensation","url":"https:\/\/euflightcompensation.com\/cs\/","logo":{"@type":"ImageObject","inLanguage":"cs","@id":"https:\/\/euflightcompensation.com\/cs\/#\/schema\/logo\/image\/","url":"https:\/\/euflightcompensation.com\/wp-content\/uploads\/2023\/05\/EU-Flight-Compensation-Logo-280x80-1.png","contentUrl":"https:\/\/euflightcompensation.com\/wp-content\/uploads\/2023\/05\/EU-Flight-Compensation-Logo-280x80-1.png","width":280,"height":80,"caption":"EU Flight Compensation"},"image":{"@id":"https:\/\/euflightcompensation.com\/cs\/#\/schema\/logo\/image\/"},"sameAs":["https:\/\/www.facebook.com\/EUflightcompensationcom"]},{"@type":"Person","@id":"https:\/\/euflightcompensation.com\/cs\/#\/schema\/person\/4c48001ce578b5ece193709fb3883592","name":"Scott Welsch","image":{"@type":"ImageObject","inLanguage":"cs","@id":"https:\/\/euflightcompensation.com\/cs\/#\/schema\/person\/image\/","url":"https:\/\/secure.gravatar.com\/avatar\/efb4f04fb9cf22eb8a34b0aef4a27712?s=96&d=mm&r=g","contentUrl":"https:\/\/secure.gravatar.com\/avatar\/efb4f04fb9cf22eb8a34b0aef4a27712?s=96&d=mm&r=g","caption":"Scott Welsch"},"description":"Scott Welsch is a London based attorney. He specializes in travel law and he wants to educate people on their rights as European travelers. Many flight compensation companies try to entice their customers with promises of speedy service, success rates, money they have successfully returned. To the untrained eye and the frazzled traveler sitting on the floor of an airport, these look like the best options. Our primary mission here is to keep the comparison list up to date allowing you to work with the exceptional companies only that live up to their shiny promises.","sameAs":["https:\/\/euflightcompensation.com\/","https:\/\/www.facebook.com\/scott.welsch.313","https:\/\/www.linkedin.com\/in\/scott-welsch-1241231a5\/","https:\/\/www.youtube.com\/channel\/UC7rL-n6rhaT-mTnY1I1BRTA"],"url":"https:\/\/euflightcompensation.com\/cs\/author\/admin\/"}]}},"_links":{"self":[{"href":"https:\/\/euflightcompensation.com\/cs\/wp-json\/wp\/v2\/posts\/26825"}],"collection":[{"href":"https:\/\/euflightcompensation.com\/cs\/wp-json\/wp\/v2\/posts"}],"about":[{"href":"https:\/\/euflightcompensation.com\/cs\/wp-json\/wp\/v2\/types\/post"}],"author":[{"embeddable":true,"href":"https:\/\/euflightcompensation.com\/cs\/wp-json\/wp\/v2\/users\/1"}],"replies":[{"embeddable":true,"href":"https:\/\/euflightcompensation.com\/cs\/wp-json\/wp\/v2\/comments?post=26825"}],"version-history":[{"count":0,"href":"https:\/\/euflightcompensation.com\/cs\/wp-json\/wp\/v2\/posts\/26825\/revisions"}],"wp:featuredmedia":[{"embeddable":true,"href":"https:\/\/euflightcompensation.com\/cs\/wp-json\/wp\/v2\/media\/47754"}],"wp:attachment":[{"href":"https:\/\/euflightcompensation.com\/cs\/wp-json\/wp\/v2\/media?parent=26825"}],"wp:term":[{"taxonomy":"category","embeddable":true,"href":"https:\/\/euflightcompensation.com\/cs\/wp-json\/wp\/v2\/categories?post=26825"},{"taxonomy":"post_tag","embeddable":true,"href":"https:\/\/euflightcompensation.com\/cs\/wp-json\/wp\/v2\/tags?post=26825"}],"curies":[{"name":"wp","href":"https:\/\/api.w.org\/{rel}","templated":true}]}}